{"id":1437,"global_id":"acpv.cat\/paisestelles?id=1437","global_id_lineage":["acpv.cat\/paisestelles?id=1437"],"author":"2","status":"publish","date":"2024-09-06 12:42:33","date_utc":"2024-09-06 10:42:33","modified":"2024-09-06 12:44:35","modified_utc":"2024-09-06 10:44:35","url":"https:\/\/acpv.cat\/paisestelles\/esdeveniments\/sopar-estelles-real\/","rest_url":"https:\/\/acpv.cat\/paisestelles\/wp-json\/tribe\/events\/v1\/events\/1437","title":"Sopar Estell\u00e9s &#8211; Real","description":"<p>Festa de la poesis<\/p>\n<p>Homentage a Vicent Andr\u00e9s estell\u00e9s<\/p>\n<p>Aportaci\u00f3 volunt\u00e0ria de 10 \u20ac<\/p>\n<p>Sopar sobaquer<\/p>\n<p>Micro obert<\/p>\n<p>Amb la col\u00b7laboraci\u00f3 de: Paco Farra, Ximo Caffarena, Elies monxol\u00ed, Isabella L\u00e1uzara, Nacho Ma\u00f1\u00f3<\/p>","excerpt":"","slug":"sopar-estelles-real","image":{"url":"https:\/\/acpv.cat\/paisestelles\/wp-content\/uploads\/2024\/09\/IMG-20240831-WA0000.jpg","id":1438,"extension":"jpg","width":1131,"height":1600,"filesize":233124,"sizes":{"medium":{"width":212,"height":300,"mime-type":"image\/jpeg","filesize":15332,"url":"https:\/\/acpv.cat\/paisestelles\/wp-content\/uploads\/2024\/09\/IMG-20240831-WA0000-212x300.jpg"},"large":{"width":724,"height":1024,"mime-type":"image\/jpeg","filesize":90764,"url":"https:\/\/acpv.cat\/paisestelles\/wp-content\/uploads\/2024\/09\/IMG-20240831-WA0000-724x1024.jpg"},"thumbnail":{"width":150,"height":150,"mime-type":"image\/jpeg","filesize":7201,"url":"https:\/\/acpv.cat\/paisestelles\/wp-content\/uploads\/2024\/09\/IMG-20240831-WA0000-150x150.jpg"},"medium_large":{"width":768,"height":1086,"mime-type":"image\/jpeg","filesize":97216,"url":"https:\/\/acpv.cat\/paisestelles\/wp-content\/uploads\/2024\/09\/IMG-20240831-WA0000-768x1086.jpg"},"1536x1536":{"width":1086,"height":1536,"mime-type":"image\/jpeg","filesize":157992,"url":"https:\/\/acpv.cat\/paisestelles\/wp-content\/uploads\/2024\/09\/IMG-20240831-WA0000-1086x1536.jpg"},"et-pb-post-main-image":{"width":400,"height":250,"mime-type":"image\/jpeg","filesize":21190,"url":"https:\/\/acpv.cat\/paisestelles\/wp-content\/uploads\/2024\/09\/IMG-20240831-WA0000-400x250.jpg"},"et-pb-post-main-image-fullwidth":{"width":1080,"height":675,"mime-type":"image\/jpeg","filesize":89882,"url":"https:\/\/acpv.cat\/paisestelles\/wp-content\/uploads\/2024\/09\/IMG-20240831-WA0000-1080x675.jpg"},"et-pb-portfolio-image":{"width":400,"height":284,"mime-type":"image\/jpeg","filesize":23789,"url":"https:\/\/acpv.cat\/paisestelles\/wp-content\/uploads\/2024\/09\/IMG-20240831-WA0000-400x284.jpg"},"et-pb-portfolio-module-image":{"width":510,"height":382,"mime-type":"image\/jpeg","filesize":35583,"url":"https:\/\/acpv.cat\/paisestelles\/wp-content\/uploads\/2024\/09\/IMG-20240831-WA0000-510x382.jpg"},"et-pb-portfolio-image-single":{"width":1080,"height":1528,"mime-type":"image\/jpeg","filesize":156578,"url":"https:\/\/acpv.cat\/paisestelles\/wp-content\/uploads\/2024\/09\/IMG-20240831-WA0000-1080x1528.jpg"},"et-pb-gallery-module-image-portrait":{"width":400,"height":516,"mime-type":"image\/jpeg","filesize":39144,"url":"https:\/\/acpv.cat\/paisestelles\/wp-content\/uploads\/2024\/09\/IMG-20240831-WA0000-400x516.jpg"},"et-pb-image--responsive--tablet":{"width":980,"height":1386,"mime-type":"image\/jpeg","filesize":137680,"url":"https:\/\/acpv.cat\/paisestelles\/wp-content\/uploads\/2024\/09\/IMG-20240831-WA0000-980x1386.jpg"},"et-pb-image--responsive--phone":{"width":480,"height":679,"mime-type":"image\/jpeg","filesize":49425,"url":"https:\/\/acpv.cat\/paisestelles\/wp-content\/uploads\/2024\/09\/IMG-20240831-WA0000-480x679.jpg"},"cmplz_banner_image":{"width":350,"height":100,"mime-type":"image\/jpeg","filesize":7505,"url":"https:\/\/acpv.cat\/paisestelles\/wp-content\/uploads\/2024\/09\/IMG-20240831-WA0000-350x100.jpg"}}},"all_day":false,"start_date":"2024-09-06 21:00:00","start_date_details":{"year":"2024","month":"09","day":"06","hour":"21","minutes":"00","seconds":"00"},"end_date":"2024-09-06 23:00:00","end_date_details":{"year":"2024","month":"09","day":"06","hour":"23","minutes":"00","seconds":"00"},"utc_start_date":"2024-09-06 19:00:00","utc_start_date_details":{"year":"2024","month":"09","day":"06","hour":"19","minutes":"00","seconds":"00"},"utc_end_date":"2024-09-06 21:00:00","utc_end_date_details":{"year":"2024","month":"09","day":"06","hour":"21","minutes":"00","seconds":"00"},"timezone":"Europe\/Andorra","timezone_abbr":"CEST","cost":"","cost_details":{"currency_symbol":"\u20ac","currency_code":"EUR","currency_position":"prefix","values":[]},"website":"","show_map":true,"show_map_link":true,"hide_from_listings":false,"sticky":false,"featured":false,"categories":[{"name":"Agenda","slug":"agenda","term_group":0,"term_taxonomy_id":4,"taxonomy":"tribe_events_cat","description":"","parent":0,"count":53,"filter":"raw","id":4,"urls":{"self":"https:\/\/acpv.cat\/paisestelles\/wp-json\/tribe\/events\/v1\/categories\/4","collection":"https:\/\/acpv.cat\/paisestelles\/wp-json\/tribe\/events\/v1\/categories"}}],"tags":[],"venue":{"id":1439,"author":"2","status":"publish","date":"2024-09-06 12:42:33","date_utc":"2024-09-06 10:42:33","modified":"2024-09-06 12:42:33","modified_utc":"2024-09-06 10:42:33","url":"https:\/\/acpv.cat\/paisestelles\/recinte\/placa-de-la-constitucio\/","venue":"Pla\u00e7a de la Constitucio","slug":"placa-de-la-constitucio","city":"Real","json_ld":{"@type":"Place","name":"Pla\u00e7a de la Constitucio","description":"","url":"https:\/\/acpv.cat\/paisestelles\/recinte\/placa-de-la-constitucio\/","address":{"@type":"PostalAddress","addressLocality":"Real"},"telephone":"","sameAs":""},"show_map":false,"show_map_link":false,"global_id":"acpv.cat\/paisestelles?id=1439","global_id_lineage":["acpv.cat\/paisestelles?id=1439"]},"organizer":[],"json_ld":{"@context":"http:\/\/schema.org","@type":"Event","name":"Sopar Estell\u00e9s &#8211; Real","description":"&lt;p&gt;Festa de la poesis Homentage a Vicent Andr\u00e9s estell\u00e9s Aportaci\u00f3 volunt\u00e0ria de 10 \u20ac Sopar sobaquer Micro obert Amb la col\u00b7laboraci\u00f3 de: Paco Farra, Ximo Caffarena, Elies monxol\u00ed, Isabella L\u00e1uzara, [&hellip;]&lt;\/p&gt;\\n","image":"https:\/\/acpv.cat\/paisestelles\/wp-content\/uploads\/2024\/09\/IMG-20240831-WA0000.jpg","url":"https:\/\/acpv.cat\/paisestelles\/esdeveniments\/sopar-estelles-real\/","eventAttendanceMode":"https:\/\/schema.org\/OfflineEventAttendanceMode","eventStatus":"https:\/\/schema.org\/EventScheduled","startDate":"2024-09-06T21:00:00+02:00","endDate":"2024-09-06T23:00:00+02:00","location":{"@type":"Place","name":"Pla\u00e7a de la Constitucio","description":"","url":"https:\/\/acpv.cat\/paisestelles\/recinte\/placa-de-la-constitucio\/","address":{"@type":"PostalAddress","addressLocality":"Real"},"telephone":"","sameAs":""},"performer":"Organization"}}