{"id":1601,"global_id":"acpv.cat\/paisestelles?id=1601","global_id_lineage":["acpv.cat\/paisestelles?id=1601"],"author":"2","status":"publish","date":"2024-09-26 09:41:40","date_utc":"2024-09-26 07:41:40","modified":"2024-10-03 10:49:50","modified_utc":"2024-10-03 08:49:50","url":"https:\/\/acpv.cat\/paisestelles\/esdeveniments\/sopar-estelles-lliria\/","rest_url":"https:\/\/acpv.cat\/paisestelles\/wp-json\/tribe\/events\/v1\/events\/1601","title":"Sopar Estell\u00e9s &#8211; Ll\u00edria","description":"<p>20:30 h Inauguraci\u00f3 del carrer Vicent Andr\u00e9s Estell\u00e9s al costat de l&#8217;IES Camp de T\u00faria<\/p>\n<p>21:00 h Sopar de pa i porta (Beguda i picaeta 3 \u20ac)<\/p>\n<p>Reserves sopar i m\u00e9s informaci\u00f3 a www.lliris.es o app Ajuntament de ll\u00edria<\/p>\n<p>22.15 h Lectura de poemes d&#8217;estell\u00e9s<\/p>\n<p>22:30 h Concert de B\u00e8rnia<\/p>\n<p><img loading=\"lazy\" decoding=\"async\" class=\"alignnone size-medium wp-image-1673\" src=\"https:\/\/acpv.cat\/paisestelles\/wp-content\/uploads\/2024\/09\/Lliria-cartell-A3-212x300.png\" alt=\"\" width=\"212\" height=\"300\" \/><\/p>","excerpt":"","slug":"sopar-estelles-lliria","image":{"url":"https:\/\/acpv.cat\/paisestelles\/wp-content\/uploads\/2024\/09\/Lliria-quadrat-XXSS-1.png","id":1674,"extension":"png","width":1123,"height":1123,"filesize":1856200,"sizes":{"medium":{"width":300,"height":300,"mime-type":"image\/png","filesize":154434,"url":"https:\/\/acpv.cat\/paisestelles\/wp-content\/uploads\/2024\/09\/Lliria-quadrat-XXSS-1-300x300.png"},"large":{"width":1024,"height":1024,"mime-type":"image\/png","filesize":1375527,"url":"https:\/\/acpv.cat\/paisestelles\/wp-content\/uploads\/2024\/09\/Lliria-quadrat-XXSS-1-1024x1024.png"},"thumbnail":{"width":150,"height":150,"mime-type":"image\/png","filesize":41847,"url":"https:\/\/acpv.cat\/paisestelles\/wp-content\/uploads\/2024\/09\/Lliria-quadrat-XXSS-1-150x150.png"},"medium_large":{"width":768,"height":768,"mime-type":"image\/png","filesize":841194,"url":"https:\/\/acpv.cat\/paisestelles\/wp-content\/uploads\/2024\/09\/Lliria-quadrat-XXSS-1-768x768.png"},"et-pb-post-main-image":{"width":400,"height":250,"mime-type":"image\/png","filesize":169071,"url":"https:\/\/acpv.cat\/paisestelles\/wp-content\/uploads\/2024\/09\/Lliria-quadrat-XXSS-1-400x250.png"},"et-pb-post-main-image-fullwidth":{"width":1080,"height":675,"mime-type":"image\/png","filesize":983868,"url":"https:\/\/acpv.cat\/paisestelles\/wp-content\/uploads\/2024\/09\/Lliria-quadrat-XXSS-1-1080x675.png"},"et-pb-portfolio-image":{"width":400,"height":284,"mime-type":"image\/png","filesize":191695,"url":"https:\/\/acpv.cat\/paisestelles\/wp-content\/uploads\/2024\/09\/Lliria-quadrat-XXSS-1-400x284.png"},"et-pb-portfolio-module-image":{"width":510,"height":382,"mime-type":"image\/png","filesize":313215,"url":"https:\/\/acpv.cat\/paisestelles\/wp-content\/uploads\/2024\/09\/Lliria-quadrat-XXSS-1-510x382.png"},"et-pb-portfolio-image-single":{"width":1080,"height":1080,"mime-type":"image\/png","filesize":1498600,"url":"https:\/\/acpv.cat\/paisestelles\/wp-content\/uploads\/2024\/09\/Lliria-quadrat-XXSS-1-1080x1080.png"},"et-pb-gallery-module-image-portrait":{"width":400,"height":516,"mime-type":"image\/png","filesize":349797,"url":"https:\/\/acpv.cat\/paisestelles\/wp-content\/uploads\/2024\/09\/Lliria-quadrat-XXSS-1-400x516.png"},"et-pb-image--responsive--tablet":{"width":980,"height":980,"mime-type":"image\/png","filesize":1276452,"url":"https:\/\/acpv.cat\/paisestelles\/wp-content\/uploads\/2024\/09\/Lliria-quadrat-XXSS-1-980x980.png"},"et-pb-image--responsive--phone":{"width":480,"height":480,"mime-type":"image\/png","filesize":366120,"url":"https:\/\/acpv.cat\/paisestelles\/wp-content\/uploads\/2024\/09\/Lliria-quadrat-XXSS-1-480x480.png"},"cmplz_banner_image":{"width":350,"height":100,"mime-type":"image\/png","filesize":60988,"url":"https:\/\/acpv.cat\/paisestelles\/wp-content\/uploads\/2024\/09\/Lliria-quadrat-XXSS-1-350x100.png"}}},"all_day":false,"start_date":"2024-10-04 20:30:00","start_date_details":{"year":"2024","month":"10","day":"04","hour":"20","minutes":"30","seconds":"00"},"end_date":"2024-10-04 23:00:00","end_date_details":{"year":"2024","month":"10","day":"04","hour":"23","minutes":"00","seconds":"00"},"utc_start_date":"2024-10-04 18:30:00","utc_start_date_details":{"year":"2024","month":"10","day":"04","hour":"18","minutes":"30","seconds":"00"},"utc_end_date":"2024-10-04 21:00:00","utc_end_date_details":{"year":"2024","month":"10","day":"04","hour":"21","minutes":"00","seconds":"00"},"timezone":"Europe\/Andorra","timezone_abbr":"CEST","cost":"","cost_details":{"currency_symbol":"\u20ac","currency_code":"EUR","currency_position":"prefix","values":[]},"website":"","show_map":true,"show_map_link":true,"hide_from_listings":false,"sticky":false,"featured":false,"categories":[{"name":"Agenda","slug":"agenda","term_group":0,"term_taxonomy_id":4,"taxonomy":"tribe_events_cat","description":"","parent":0,"count":53,"filter":"raw","id":4,"urls":{"self":"https:\/\/acpv.cat\/paisestelles\/wp-json\/tribe\/events\/v1\/categories\/4","collection":"https:\/\/acpv.cat\/paisestelles\/wp-json\/tribe\/events\/v1\/categories"}}],"tags":[],"venue":[],"organizer":[],"json_ld":{"@context":"http:\/\/schema.org","@type":"Event","name":"Sopar Estell\u00e9s &#8211; Ll\u00edria","description":"&lt;p&gt;20:30 h Inauguraci\u00f3 del carrer Vicent Andr\u00e9s Estell\u00e9s al costat de l\\'IES Camp de T\u00faria 21:00 h Sopar de pa i porta (Beguda i picaeta 3 \u20ac) Reserves sopar i [&hellip;]&lt;\/p&gt;\\n","image":"https:\/\/acpv.cat\/paisestelles\/wp-content\/uploads\/2024\/09\/Lliria-quadrat-XXSS-1.png","url":"https:\/\/acpv.cat\/paisestelles\/esdeveniments\/sopar-estelles-lliria\/","eventAttendanceMode":"https:\/\/schema.org\/OfflineEventAttendanceMode","eventStatus":"https:\/\/schema.org\/EventScheduled","startDate":"2024-10-04T20:30:00+02:00","endDate":"2024-10-04T23:00:00+02:00","performer":"Organization"}}