{"id":1783,"global_id":"acpv.cat\/paisestelles?id=1783","global_id_lineage":["acpv.cat\/paisestelles?id=1783"],"author":"2","status":"publish","date":"2024-10-28 15:58:53","date_utc":"2024-10-28 14:58:53","modified":"2024-10-28 15:58:53","modified_utc":"2024-10-28 14:58:53","url":"https:\/\/acpv.cat\/paisestelles\/esdeveniments\/sopar-estelles-elx\/","rest_url":"https:\/\/acpv.cat\/paisestelles\/wp-json\/tribe\/events\/v1\/events\/1783","title":"Sopar Estell\u00e9s Elx","description":"<p>19,30h Picaeta, tert\u00falia i lectura de poemes.<\/p>\n<p>20h Actuaci\u00f3 de Josep Llu\u00eds Notari<\/p>\n<p><img loading=\"lazy\" decoding=\"async\" class=\"alignnone size-medium wp-image-1784\" src=\"https:\/\/acpv.cat\/paisestelles\/wp-content\/uploads\/2024\/10\/Q-SoparEstelles-2024_Elx-300x300.jpg\" alt=\"\" width=\"300\" height=\"300\" \/><\/p>\n<p>&nbsp;<\/p>","excerpt":"","slug":"sopar-estelles-elx","image":{"url":"https:\/\/acpv.cat\/paisestelles\/wp-content\/uploads\/2024\/10\/Q-SoparEstelles-2024_Elx.jpg","id":1784,"extension":"jpg","width":1080,"height":1080,"filesize":765800,"sizes":{"medium":{"width":300,"height":300,"mime-type":"image\/jpeg","filesize":21837,"url":"https:\/\/acpv.cat\/paisestelles\/wp-content\/uploads\/2024\/10\/Q-SoparEstelles-2024_Elx-300x300.jpg"},"large":{"width":1024,"height":1024,"mime-type":"image\/jpeg","filesize":173564,"url":"https:\/\/acpv.cat\/paisestelles\/wp-content\/uploads\/2024\/10\/Q-SoparEstelles-2024_Elx-1024x1024.jpg"},"thumbnail":{"width":150,"height":150,"mime-type":"image\/jpeg","filesize":6853,"url":"https:\/\/acpv.cat\/paisestelles\/wp-content\/uploads\/2024\/10\/Q-SoparEstelles-2024_Elx-150x150.jpg"},"medium_large":{"width":768,"height":768,"mime-type":"image\/jpeg","filesize":110660,"url":"https:\/\/acpv.cat\/paisestelles\/wp-content\/uploads\/2024\/10\/Q-SoparEstelles-2024_Elx-768x768.jpg"},"et-pb-post-main-image":{"width":400,"height":250,"mime-type":"image\/jpeg","filesize":21526,"url":"https:\/\/acpv.cat\/paisestelles\/wp-content\/uploads\/2024\/10\/Q-SoparEstelles-2024_Elx-400x250.jpg"},"et-pb-post-main-image-fullwidth":{"width":1080,"height":675,"mime-type":"image\/jpeg","filesize":133476,"url":"https:\/\/acpv.cat\/paisestelles\/wp-content\/uploads\/2024\/10\/Q-SoparEstelles-2024_Elx-1080x675.jpg"},"et-pb-portfolio-image":{"width":400,"height":284,"mime-type":"image\/jpeg","filesize":25919,"url":"https:\/\/acpv.cat\/paisestelles\/wp-content\/uploads\/2024\/10\/Q-SoparEstelles-2024_Elx-400x284.jpg"},"et-pb-portfolio-module-image":{"width":510,"height":382,"mime-type":"image\/jpeg","filesize":42028,"url":"https:\/\/acpv.cat\/paisestelles\/wp-content\/uploads\/2024\/10\/Q-SoparEstelles-2024_Elx-510x382.jpg"},"et-pb-gallery-module-image-portrait":{"width":400,"height":516,"mime-type":"image\/jpeg","filesize":51986,"url":"https:\/\/acpv.cat\/paisestelles\/wp-content\/uploads\/2024\/10\/Q-SoparEstelles-2024_Elx-400x516.jpg"},"et-pb-image--responsive--tablet":{"width":980,"height":980,"mime-type":"image\/jpeg","filesize":163990,"url":"https:\/\/acpv.cat\/paisestelles\/wp-content\/uploads\/2024\/10\/Q-SoparEstelles-2024_Elx-980x980.jpg"},"et-pb-image--responsive--phone":{"width":480,"height":480,"mime-type":"image\/jpeg","filesize":50061,"url":"https:\/\/acpv.cat\/paisestelles\/wp-content\/uploads\/2024\/10\/Q-SoparEstelles-2024_Elx-480x480.jpg"},"cmplz_banner_image":{"width":350,"height":100,"mime-type":"image\/jpeg","filesize":8972,"url":"https:\/\/acpv.cat\/paisestelles\/wp-content\/uploads\/2024\/10\/Q-SoparEstelles-2024_Elx-350x100.jpg"}}},"all_day":false,"start_date":"2024-09-27 19:30:00","start_date_details":{"year":"2024","month":"09","day":"27","hour":"19","minutes":"30","seconds":"00"},"end_date":"2024-09-27 23:00:00","end_date_details":{"year":"2024","month":"09","day":"27","hour":"23","minutes":"00","seconds":"00"},"utc_start_date":"2024-09-27 17:30:00","utc_start_date_details":{"year":"2024","month":"09","day":"27","hour":"17","minutes":"30","seconds":"00"},"utc_end_date":"2024-09-27 21:00:00","utc_end_date_details":{"year":"2024","month":"09","day":"27","hour":"21","minutes":"00","seconds":"00"},"timezone":"Europe\/Andorra","timezone_abbr":"CEST","cost":"","cost_details":{"currency_symbol":"\u20ac","currency_code":"EUR","currency_position":"prefix","values":[]},"website":"","show_map":true,"show_map_link":true,"hide_from_listings":false,"sticky":false,"featured":false,"categories":[{"name":"Agenda","slug":"agenda","term_group":0,"term_taxonomy_id":4,"taxonomy":"tribe_events_cat","description":"","parent":0,"count":53,"filter":"raw","id":4,"urls":{"self":"https:\/\/acpv.cat\/paisestelles\/wp-json\/tribe\/events\/v1\/categories\/4","collection":"https:\/\/acpv.cat\/paisestelles\/wp-json\/tribe\/events\/v1\/categories"}}],"tags":[],"venue":[],"organizer":[],"json_ld":{"@context":"http:\/\/schema.org","@type":"Event","name":"Sopar Estell\u00e9s Elx","description":"&lt;p&gt;19,30h Picaeta, tert\u00falia i lectura de poemes. 20h Actuaci\u00f3 de Josep Llu\u00eds Notari &nbsp;&lt;\/p&gt;\\n","image":"https:\/\/acpv.cat\/paisestelles\/wp-content\/uploads\/2024\/10\/Q-SoparEstelles-2024_Elx.jpg","url":"https:\/\/acpv.cat\/paisestelles\/esdeveniments\/sopar-estelles-elx\/","eventAttendanceMode":"https:\/\/schema.org\/OfflineEventAttendanceMode","eventStatus":"https:\/\/schema.org\/EventScheduled","startDate":"2024-09-27T19:30:00+02:00","endDate":"2024-09-27T23:00:00+02:00","performer":"Organization"}}