{"id":384,"global_id":"acpv.cat\/paisestelles?id=384","global_id_lineage":["acpv.cat\/paisestelles?id=384"],"author":"2","status":"publish","date":"2024-05-28 17:07:06","date_utc":"2024-05-28 15:07:06","modified":"2024-05-28 17:09:44","modified_utc":"2024-05-28 15:09:44","url":"https:\/\/acpv.cat\/paisestelles\/esdeveniments\/estelles-club-cabaret-a-loctubre-ccc\/","rest_url":"https:\/\/acpv.cat\/paisestelles\/wp-json\/tribe\/events\/v1\/events\/384","title":"Estell\u00e9s Club-Cabaret a l\u2019Octubre CCC","description":"<p>El pr\u00f2xim dissabte 1<strong> de juny <\/strong>a les <strong>17:30 h <\/strong>i a les <strong>19:30\u202fh <\/strong>a <strong>l\u2019Octubre Centre de Cultura Contempor\u00e0nia<\/strong> tindr\u00e0 lloc l\u2019obra de teatre <strong>\u201cEstell\u00e9s Club-Cabaret\u201d <\/strong>de la companyia <strong>Circorama Teatre. <\/strong><\/p>\n<p><strong>Sobre l\u2019obra: <\/strong><\/p>\n<p>Estem a la planta baixa de l\u2019hotel Par\u00eds. De dia, all\u00f2 pareix una llibreria, i n\u2019hi ha clients, intel\u00b7lectuals, gent de la cultura i tot aix\u00f2. Per\u00f2, a la nit: ah!, a la nit. A la nit all\u00f2 \u00e9s un bar de la prohibici\u00f3. S\u00ed, s\u00ed: n\u2019hi ha Llei seca al nostre Pa\u00eds, no d\u2019alcohol, no, sin\u00f3 de cultura! Per\u00f2 all\u00e0 podreu beure cultura, quasib\u00e9 mamar cultura.<\/p>\n<p>Benvinguts a l\u2019Estell\u00e9s Club-Cabaret!<\/p>\n<p>Com ja haureu dedu\u00eft, la funci\u00f3 est\u00e0 dedicada al Vicent Andr\u00e9s Estell\u00e9s, ja sabeu: el m\u00e9s gran poeta contemporani en llengua catalana; el que cercant la posteritat del seu poble, troba sense pretendre-la la seua immortalitat; el br\u00f2fec; l\u2019escatol\u00f2gic; el sacerdot de la paraula\u2026 El poeta-profeta. Ja sabeu, Estell\u00e9s.<\/p>\n<p>Aquesta obra \u00e9s una adaptaci\u00f3 teatral de peces clau de la poesia d\u2019Estell\u00e9s. Amb un to cabareter i am\u00e9, mant\u00e9 un rigor literari escrupol\u00f3s. Utilitza un llenguatge \u00e0gil i clar, per\u00f2 que permet al p\u00fablic reflexionar. El seu to c\u00f2mic alleuja els missatges importants de la poesia d\u2019Estell\u00e9s sense perdre la seua vibraci\u00f3 i bellesa.<\/p>\n<p>Les<strong> entrades<\/strong> tenen un preu de<strong> 12\u202f\u20ac<\/strong> i pots comprar-les en aquest <a href=\"https:\/\/www.enterticket.es\/eventos\/estelles-clubcabaret-131399\" data-type=\"link\" data-id=\"https:\/\/www.enterticket.es\/eventos\/estelles-clubcabaret-131399\">enlla\u00e7<\/a> o pots comprar-les a taquilla el mateix dia.<\/p>\n<p><img loading=\"lazy\" decoding=\"async\" class=\"alignnone size-medium wp-image-385\" src=\"https:\/\/acpv.cat\/paisestelles\/wp-content\/uploads\/2024\/05\/Captura-de-pantalla-2024-05-28-a-les-17.05.03-300x300.png\" alt=\"\" width=\"300\" height=\"300\" \/><\/p>","excerpt":"","slug":"estelles-club-cabaret-a-loctubre-ccc","image":{"url":"https:\/\/acpv.cat\/paisestelles\/wp-content\/uploads\/2024\/05\/Captura-de-pantalla-2024-05-28-a-les-17.05.03.png","id":385,"extension":"png","width":1368,"height":1364,"filesize":2889113,"sizes":{"medium":{"width":300,"height":300,"mime-type":"image\/png","filesize":150990,"url":"https:\/\/acpv.cat\/paisestelles\/wp-content\/uploads\/2024\/05\/Captura-de-pantalla-2024-05-28-a-les-17.05.03-300x300.png"},"large":{"width":1024,"height":1021,"mime-type":"image\/png","filesize":1435163,"url":"https:\/\/acpv.cat\/paisestelles\/wp-content\/uploads\/2024\/05\/Captura-de-pantalla-2024-05-28-a-les-17.05.03-1024x1021.png"},"thumbnail":{"width":150,"height":150,"mime-type":"image\/png","filesize":40233,"url":"https:\/\/acpv.cat\/paisestelles\/wp-content\/uploads\/2024\/05\/Captura-de-pantalla-2024-05-28-a-les-17.05.03-150x150.png"},"medium_large":{"width":768,"height":766,"mime-type":"image\/png","filesize":868374,"url":"https:\/\/acpv.cat\/paisestelles\/wp-content\/uploads\/2024\/05\/Captura-de-pantalla-2024-05-28-a-les-17.05.03-768x766.png"},"et-pb-post-main-image":{"width":400,"height":250,"mime-type":"image\/png","filesize":164622,"url":"https:\/\/acpv.cat\/paisestelles\/wp-content\/uploads\/2024\/05\/Captura-de-pantalla-2024-05-28-a-les-17.05.03-400x250.png"},"et-pb-post-main-image-fullwidth":{"width":1080,"height":675,"mime-type":"image\/png","filesize":1004652,"url":"https:\/\/acpv.cat\/paisestelles\/wp-content\/uploads\/2024\/05\/Captura-de-pantalla-2024-05-28-a-les-17.05.03-1080x675.png"},"et-pb-portfolio-image":{"width":400,"height":284,"mime-type":"image\/png","filesize":188116,"url":"https:\/\/acpv.cat\/paisestelles\/wp-content\/uploads\/2024\/05\/Captura-de-pantalla-2024-05-28-a-les-17.05.03-400x284.png"},"et-pb-portfolio-module-image":{"width":510,"height":382,"mime-type":"image\/png","filesize":316986,"url":"https:\/\/acpv.cat\/paisestelles\/wp-content\/uploads\/2024\/05\/Captura-de-pantalla-2024-05-28-a-les-17.05.03-510x382.png"},"et-pb-portfolio-image-single":{"width":1080,"height":1077,"mime-type":"image\/png","filesize":1562852,"url":"https:\/\/acpv.cat\/paisestelles\/wp-content\/uploads\/2024\/05\/Captura-de-pantalla-2024-05-28-a-les-17.05.03-1080x1077.png"},"et-pb-gallery-module-image-portrait":{"width":400,"height":516,"mime-type":"image\/png","filesize":336262,"url":"https:\/\/acpv.cat\/paisestelles\/wp-content\/uploads\/2024\/05\/Captura-de-pantalla-2024-05-28-a-les-17.05.03-400x516.png"},"et-pb-image--responsive--desktop":{"width":1280,"height":1276,"mime-type":"image\/png","filesize":2079303,"url":"https:\/\/acpv.cat\/paisestelles\/wp-content\/uploads\/2024\/05\/Captura-de-pantalla-2024-05-28-a-les-17.05.03-1280x1276.png"},"et-pb-image--responsive--tablet":{"width":980,"height":977,"mime-type":"image\/png","filesize":1329687,"url":"https:\/\/acpv.cat\/paisestelles\/wp-content\/uploads\/2024\/05\/Captura-de-pantalla-2024-05-28-a-les-17.05.03-980x977.png"},"et-pb-image--responsive--phone":{"width":480,"height":479,"mime-type":"image\/png","filesize":367914,"url":"https:\/\/acpv.cat\/paisestelles\/wp-content\/uploads\/2024\/05\/Captura-de-pantalla-2024-05-28-a-les-17.05.03-480x479.png"},"cmplz_banner_image":{"width":350,"height":100,"mime-type":"image\/png","filesize":57647,"url":"https:\/\/acpv.cat\/paisestelles\/wp-content\/uploads\/2024\/05\/Captura-de-pantalla-2024-05-28-a-les-17.05.03-350x100.png"}}},"all_day":false,"start_date":"2024-06-01 17:30:00","start_date_details":{"year":"2024","month":"06","day":"01","hour":"17","minutes":"30","seconds":"00"},"end_date":"2024-06-01 20:00:00","end_date_details":{"year":"2024","month":"06","day":"01","hour":"20","minutes":"00","seconds":"00"},"utc_start_date":"2024-06-01 15:30:00","utc_start_date_details":{"year":"2024","month":"06","day":"01","hour":"15","minutes":"30","seconds":"00"},"utc_end_date":"2024-06-01 18:00:00","utc_end_date_details":{"year":"2024","month":"06","day":"01","hour":"18","minutes":"00","seconds":"00"},"timezone":"Europe\/Andorra","timezone_abbr":"CEST","cost":"","cost_details":{"currency_symbol":"","currency_code":"","currency_position":"prefix","values":[]},"website":"","show_map":true,"show_map_link":true,"hide_from_listings":false,"sticky":false,"featured":false,"categories":[{"name":"Agenda","slug":"agenda","term_group":0,"term_taxonomy_id":4,"taxonomy":"tribe_events_cat","description":"","parent":0,"count":53,"filter":"raw","id":4,"urls":{"self":"https:\/\/acpv.cat\/paisestelles\/wp-json\/tribe\/events\/v1\/categories\/4","collection":"https:\/\/acpv.cat\/paisestelles\/wp-json\/tribe\/events\/v1\/categories"}}],"tags":[],"venue":[],"organizer":[],"json_ld":{"@context":"http:\/\/schema.org","@type":"Event","name":"Estell\u00e9s Club-Cabaret a l\u2019Octubre CCC","description":"&lt;p&gt;El pr\u00f2xim dissabte 1 de juny a les 17:30 h i a les 19:30\u202fh a l\u2019Octubre Centre de Cultura Contempor\u00e0nia tindr\u00e0 lloc l\u2019obra de teatre \u201cEstell\u00e9s Club-Cabaret\u201d de la companyia [&hellip;]&lt;\/p&gt;\\n","image":"https:\/\/acpv.cat\/paisestelles\/wp-content\/uploads\/2024\/05\/Captura-de-pantalla-2024-05-28-a-les-17.05.03.png","url":"https:\/\/acpv.cat\/paisestelles\/esdeveniments\/estelles-club-cabaret-a-loctubre-ccc\/","eventAttendanceMode":"https:\/\/schema.org\/OfflineEventAttendanceMode","eventStatus":"https:\/\/schema.org\/EventScheduled","startDate":"2024-06-01T17:30:00+02:00","endDate":"2024-06-01T20:00:00+02:00","performer":"Organization"}}