{"id":502,"global_id":"acpv.cat\/paisestelles?id=502","global_id_lineage":["acpv.cat\/paisestelles?id=502"],"author":"2","status":"publish","date":"2024-06-14 14:51:32","date_utc":"2024-06-14 12:51:32","modified":"2024-06-14 14:51:32","modified_utc":"2024-06-14 12:51:32","url":"https:\/\/acpv.cat\/paisestelles\/esdeveniments\/acte-central-any-estelles-institucio-de-les-lletres-catalanes\/","rest_url":"https:\/\/acpv.cat\/paisestelles\/wp-json\/tribe\/events\/v1\/events\/502","title":"Acte central Any Estell\u00e9s. Instituci\u00f3 de les Lletres Catalanes","description":"<p>Tant si vost\u00e8 ho permet o com si no&#8217;<\/p>\n<p>Organitzat per @lletrescatalanes amb la col\u00b7laboraci\u00f3 d&#8217;ACPV, la Plataforma Cent d&#8217;Estell\u00e9s i L&#8217;OctubreCCC.<\/p>\n<p>Aquest acte ser\u00e0 una oportunitat per recordar i celebrar l\u2019obra de Vicent Andr\u00e9s Estell\u00e9s a trav\u00e9s de les paraules de destacades figures de la literatura i la cultura catalanes, aix\u00ed com per gaudir de l\u2019actuaci\u00f3 musical d&#8217; @andreu_valor<\/p>","excerpt":"","slug":"acte-central-any-estelles-institucio-de-les-lletres-catalanes","image":{"url":"https:\/\/acpv.cat\/paisestelles\/wp-content\/uploads\/2024\/06\/Captura-de-pantalla-2024-06-14-a-les-14.49.07.png","id":503,"extension":"png","width":758,"height":756,"filesize":966764,"sizes":{"medium":{"width":300,"height":300,"mime-type":"image\/png","filesize":165947,"url":"https:\/\/acpv.cat\/paisestelles\/wp-content\/uploads\/2024\/06\/Captura-de-pantalla-2024-06-14-a-les-14.49.07-300x300.png"},"thumbnail":{"width":150,"height":150,"mime-type":"image\/png","filesize":48556,"url":"https:\/\/acpv.cat\/paisestelles\/wp-content\/uploads\/2024\/06\/Captura-de-pantalla-2024-06-14-a-les-14.49.07-150x150.png"},"et-pb-post-main-image":{"width":400,"height":250,"mime-type":"image\/png","filesize":160930,"url":"https:\/\/acpv.cat\/paisestelles\/wp-content\/uploads\/2024\/06\/Captura-de-pantalla-2024-06-14-a-les-14.49.07-400x250.png"},"et-pb-post-main-image-fullwidth":{"width":758,"height":675,"mime-type":"image\/png","filesize":714760,"url":"https:\/\/acpv.cat\/paisestelles\/wp-content\/uploads\/2024\/06\/Captura-de-pantalla-2024-06-14-a-les-14.49.07-758x675.png"},"et-pb-portfolio-image":{"width":400,"height":284,"mime-type":"image\/png","filesize":185717,"url":"https:\/\/acpv.cat\/paisestelles\/wp-content\/uploads\/2024\/06\/Captura-de-pantalla-2024-06-14-a-les-14.49.07-400x284.png"},"et-pb-portfolio-module-image":{"width":510,"height":382,"mime-type":"image\/png","filesize":297888,"url":"https:\/\/acpv.cat\/paisestelles\/wp-content\/uploads\/2024\/06\/Captura-de-pantalla-2024-06-14-a-les-14.49.07-510x382.png"},"et-pb-gallery-module-image-portrait":{"width":400,"height":516,"mime-type":"image\/png","filesize":338172,"url":"https:\/\/acpv.cat\/paisestelles\/wp-content\/uploads\/2024\/06\/Captura-de-pantalla-2024-06-14-a-les-14.49.07-400x516.png"},"et-pb-image--responsive--phone":{"width":480,"height":479,"mime-type":"image\/png","filesize":371430,"url":"https:\/\/acpv.cat\/paisestelles\/wp-content\/uploads\/2024\/06\/Captura-de-pantalla-2024-06-14-a-les-14.49.07-480x479.png"},"cmplz_banner_image":{"width":350,"height":100,"mime-type":"image\/png","filesize":58427,"url":"https:\/\/acpv.cat\/paisestelles\/wp-content\/uploads\/2024\/06\/Captura-de-pantalla-2024-06-14-a-les-14.49.07-350x100.png"}}},"all_day":false,"start_date":"2024-06-12 19:00:00","start_date_details":{"year":"2024","month":"06","day":"12","hour":"19","minutes":"00","seconds":"00"},"end_date":"2024-06-12 21:00:00","end_date_details":{"year":"2024","month":"06","day":"12","hour":"21","minutes":"00","seconds":"00"},"utc_start_date":"2024-06-12 17:00:00","utc_start_date_details":{"year":"2024","month":"06","day":"12","hour":"17","minutes":"00","seconds":"00"},"utc_end_date":"2024-06-12 19:00:00","utc_end_date_details":{"year":"2024","month":"06","day":"12","hour":"19","minutes":"00","seconds":"00"},"timezone":"Europe\/Andorra","timezone_abbr":"CEST","cost":"","cost_details":{"currency_symbol":"\u20ac","currency_code":"EUR\t\t\t\t\t\t\tclass=","currency_position":"prefix","values":[]},"website":"","show_map":true,"show_map_link":true,"hide_from_listings":false,"sticky":false,"featured":false,"categories":[{"name":"Agenda","slug":"agenda","term_group":0,"term_taxonomy_id":4,"taxonomy":"tribe_events_cat","description":"","parent":0,"count":53,"filter":"raw","id":4,"urls":{"self":"https:\/\/acpv.cat\/paisestelles\/wp-json\/tribe\/events\/v1\/categories\/4","collection":"https:\/\/acpv.cat\/paisestelles\/wp-json\/tribe\/events\/v1\/categories"}}],"tags":[],"venue":{"id":69,"author":"1","status":"publish","date":"2024-05-06 07:17:34","date_utc":"2024-05-06 07:17:34","modified":"2024-05-06 07:17:34","modified_utc":"2024-05-06 07:17:34","url":"https:\/\/acpv.cat\/paisestelles\/recinte\/octubre-ccc\/","venue":"Octubre CCC","slug":"octubre-ccc","address":"Sant Ferran, 12","city":"Val\u00e8ncia","country":"Espanya","zip":"46001","json_ld":{"@type":"Place","name":"Octubre CCC","description":"","url":"https:\/\/acpv.cat\/paisestelles\/recinte\/octubre-ccc\/","address":{"@type":"PostalAddress","streetAddress":"Sant Ferran, 12","addressLocality":"Val\u00e8ncia","postalCode":"46001","addressCountry":"Espanya"},"telephone":"","sameAs":""},"show_map":true,"show_map_link":true,"global_id":"acpv.cat\/paisestelles?id=69","global_id_lineage":["acpv.cat\/paisestelles?id=69"]},"organizer":[],"json_ld":{"@context":"http:\/\/schema.org","@type":"Event","name":"Acte central Any Estell\u00e9s. Instituci\u00f3 de les Lletres Catalanes","description":"&lt;p&gt;Tant si vost\u00e8 ho permet o com si no\\' Organitzat per @lletrescatalanes amb la col\u00b7laboraci\u00f3 d\\'ACPV, la Plataforma Cent d\\'Estell\u00e9s i L\\'OctubreCCC. Aquest acte ser\u00e0 una oportunitat per recordar i [&hellip;]&lt;\/p&gt;\\n","image":"https:\/\/acpv.cat\/paisestelles\/wp-content\/uploads\/2024\/06\/Captura-de-pantalla-2024-06-14-a-les-14.49.07.png","url":"https:\/\/acpv.cat\/paisestelles\/esdeveniments\/acte-central-any-estelles-institucio-de-les-lletres-catalanes\/","eventAttendanceMode":"https:\/\/schema.org\/OfflineEventAttendanceMode","eventStatus":"https:\/\/schema.org\/EventScheduled","startDate":"2024-06-12T19:00:00+02:00","endDate":"2024-06-12T21:00:00+02:00","location":{"@type":"Place","name":"Octubre CCC","description":"","url":"https:\/\/acpv.cat\/paisestelles\/recinte\/octubre-ccc\/","address":{"@type":"PostalAddress","streetAddress":"Sant Ferran, 12","addressLocality":"Val\u00e8ncia","postalCode":"46001","addressCountry":"Espanya"},"telephone":"","sameAs":""},"performer":"Organization"}}